{"id":12651,"date":"2021-08-03T14:17:01","date_gmt":"2021-08-03T14:17:01","guid":{"rendered":"https:\/\/adegavidigueira.pt\/uncategorized\/aumentamos-a-nossa-capacidade-produtiva\/"},"modified":"2021-08-03T14:17:03","modified_gmt":"2021-08-03T14:17:03","slug":"aumentamos-a-nossa-capacidade-produtiva","status":"publish","type":"post","link":"https:\/\/adegavidigueira.pt\/en\/aumentamos-a-nossa-capacidade-produtiva\/","title":{"rendered":"Aument\u00e1mos a Nossa Capacidade Produtiva"},"content":{"rendered":"\n<p><strong>Continuamos a inovar na nossa produ\u00e7\u00e3o, agora com uma linha de engarrafamento para garrafas de 375 ml, formatos especiais e pequenos lotes.<\/strong><\/p>\n\n<p>Esta nova linha ter\u00e1 uma capacidade produtiva total de 2 000 garrafas\/hora, cujo o seu investimento total foi de 232\u00a0956,03 \u20ac, apoiada pelo PDR2020 &#8211; medida &#8220;10.2.1.2 &#8211; Pequenos investimentos na transforma\u00e7\u00e3o e comercializa\u00e7\u00e3o&#8221;.<\/p>\n\n<p>Para Jos\u00e9 Miguel Almeida, Presidente do Conselho de Administra\u00e7\u00e3o, \u201cesta linha \u00e9 um complemento da atual, permitindo que continuemos na vanguarda da produ\u00e7\u00e3o, refor\u00e7ando<strong> <\/strong>o<strong> <\/strong>engarrafamento de garrafas de 375 ml, formatos especiais e pequenos lotes.&#8221;<\/p>\n\n<p>Anualmente a Adega recebe cerca de 8 milh\u00f5es de quilos de uvas, provenientes de 1500 ha de vinha, e que originam 6 milh\u00f5es de litros de vinho.<\/p>\n\n<div class=\"wp-block-columns is-layout-flex wp-container-core-columns-is-layout-9d6595d7 wp-block-columns-is-layout-flex\">\n<div class=\"wp-block-column is-layout-flow wp-block-column-is-layout-flow\">\n<figure class=\"wp-block-image size-large\"><img loading=\"lazy\" decoding=\"async\" width=\"1024\" height=\"683\" src=\"http:\/\/adegavidigueira.pt\/wp-content\/uploads\/2021\/07\/WhatsApp-Image-2021-07-13-at-17.26.17-1-1-1024x683.jpeg\" alt=\"\" class=\"wp-image-12528\" srcset=\"https:\/\/adegavidigueira.pt\/wp-content\/uploads\/2021\/07\/WhatsApp-Image-2021-07-13-at-17.26.17-1-1-1024x683.jpeg 1024w, https:\/\/adegavidigueira.pt\/wp-content\/uploads\/2021\/07\/WhatsApp-Image-2021-07-13-at-17.26.17-1-1-300x200.jpeg 300w, https:\/\/adegavidigueira.pt\/wp-content\/uploads\/2021\/07\/WhatsApp-Image-2021-07-13-at-17.26.17-1-1-768x512.jpeg 768w, https:\/\/adegavidigueira.pt\/wp-content\/uploads\/2021\/07\/WhatsApp-Image-2021-07-13-at-17.26.17-1-1-1536x1024.jpeg 1536w, https:\/\/adegavidigueira.pt\/wp-content\/uploads\/2021\/07\/WhatsApp-Image-2021-07-13-at-17.26.17-1-1-600x400.jpeg 600w, https:\/\/adegavidigueira.pt\/wp-content\/uploads\/2021\/07\/WhatsApp-Image-2021-07-13-at-17.26.17-1-1.jpeg 1920w\" sizes=\"auto, (max-width: 1024px) 100vw, 1024px\" \/><\/figure><\/div>\n\n\n\n<div class=\"wp-block-column is-layout-flow wp-block-column-is-layout-flow\">\n<figure class=\"wp-block-image size-large\"><img loading=\"lazy\" decoding=\"async\" width=\"1024\" height=\"683\" src=\"http:\/\/adegavidigueira.pt\/wp-content\/uploads\/2021\/07\/WhatsApp-Image-2021-07-13-at-17.26.16-1-1024x683.jpeg\" alt=\"\" class=\"wp-image-12519\" srcset=\"https:\/\/adegavidigueira.pt\/wp-content\/uploads\/2021\/07\/WhatsApp-Image-2021-07-13-at-17.26.16-1-1024x683.jpeg 1024w, https:\/\/adegavidigueira.pt\/wp-content\/uploads\/2021\/07\/WhatsApp-Image-2021-07-13-at-17.26.16-1-300x200.jpeg 300w, https:\/\/adegavidigueira.pt\/wp-content\/uploads\/2021\/07\/WhatsApp-Image-2021-07-13-at-17.26.16-1-768x512.jpeg 768w, https:\/\/adegavidigueira.pt\/wp-content\/uploads\/2021\/07\/WhatsApp-Image-2021-07-13-at-17.26.16-1-1536x1024.jpeg 1536w, https:\/\/adegavidigueira.pt\/wp-content\/uploads\/2021\/07\/WhatsApp-Image-2021-07-13-at-17.26.16-1-600x400.jpeg 600w, https:\/\/adegavidigueira.pt\/wp-content\/uploads\/2021\/07\/WhatsApp-Image-2021-07-13-at-17.26.16-1.jpeg 1920w\" sizes=\"auto, (max-width: 1024px) 100vw, 1024px\" \/><\/figure><\/div>\n<\/div>\n","protected":false},"excerpt":{"rendered":"<p>Continuamos a inovar na nossa produ\u00e7\u00e3o, agora com uma linha de engarrafamento para garrafas de 375 ml, formatos especiais e pequenos lotes. Esta nova linha [&hellip;]<\/p>\n","protected":false},"author":14,"featured_media":12724,"comment_status":"closed","ping_status":"closed","sticky":false,"template":"","format":"standard","meta":{"inline_featured_image":false,"_joinchat":[],"footnotes":""},"categories":[341],"tags":[342,343,344,345],"class_list":["post-12651","post","type-post","status-publish","format-standard","has-post-thumbnail","hentry","category-news","tag-nova-linha-en","tag-producao-en","tag-garrafas-en","tag-capacidade-produtiva-en"],"yoast_head":"<!-- This site is optimized with the Yoast SEO plugin v27.4 - https:\/\/yoast.com\/product\/yoast-seo-wordpress\/ -->\n<title>Aument\u00e1mos a Nossa Capacidade Produtiva - Adega Vidigueira, Cuba e Alvito<\/title>\n<meta name=\"robots\" content=\"index, follow, max-snippet:-1, max-image-preview:large, max-video-preview:-1\" \/>\n<link rel=\"canonical\" href=\"https:\/\/adegavidigueira.pt\/aumentamos-a-nossa-capacidade-produtiva\/\" \/>\n<meta property=\"og:locale\" content=\"en_US\" \/>\n<meta property=\"og:type\" content=\"article\" \/>\n<meta property=\"og:title\" content=\"Aument\u00e1mos a Nossa Capacidade Produtiva - Adega Vidigueira, Cuba e Alvito\" \/>\n<meta property=\"og:description\" content=\"Continuamos a inovar na nossa produ\u00e7\u00e3o, agora com uma linha de engarrafamento para garrafas de 375 ml, formatos especiais e pequenos lotes. Esta nova linha [&hellip;]\" \/>\n<meta property=\"og:url\" content=\"https:\/\/adegavidigueira.pt\/aumentamos-a-nossa-capacidade-produtiva\/\" \/>\n<meta property=\"og:site_name\" content=\"Adega Vidigueira, Cuba e Alvito\" \/>\n<meta property=\"article:publisher\" content=\"https:\/\/www.facebook.com\/AdegaCooperativadeVidigueira\" \/>\n<meta property=\"article:published_time\" content=\"2021-08-03T14:17:01+00:00\" \/>\n<meta property=\"article:modified_time\" content=\"2021-08-03T14:17:03+00:00\" \/>\n<meta property=\"og:image\" content=\"https:\/\/adegavidigueira.pt\/wp-content\/uploads\/2021\/07\/Nova_Linha_engarrafamento.jpeg\" \/>\n\t<meta property=\"og:image:width\" content=\"786\" \/>\n\t<meta property=\"og:image:height\" content=\"412\" \/>\n\t<meta property=\"og:image:type\" content=\"image\/jpeg\" \/>\n<meta name=\"author\" content=\"ACVCA\" \/>\n<meta name=\"twitter:card\" content=\"summary_large_image\" \/>\n<meta name=\"twitter:label1\" content=\"Written by\" \/>\n\t<meta name=\"twitter:data1\" content=\"ACVCA\" \/>\n\t<meta name=\"twitter:label2\" content=\"Est. reading time\" \/>\n\t<meta name=\"twitter:data2\" content=\"1 minute\" \/>\n<script type=\"application\/ld+json\" class=\"yoast-schema-graph\">{\"@context\":\"https:\\\/\\\/schema.org\",\"@graph\":[{\"@type\":\"Article\",\"@id\":\"https:\\\/\\\/adegavidigueira.pt\\\/aumentamos-a-nossa-capacidade-produtiva\\\/#article\",\"isPartOf\":{\"@id\":\"https:\\\/\\\/adegavidigueira.pt\\\/aumentamos-a-nossa-capacidade-produtiva\\\/\"},\"author\":{\"name\":\"ACVCA\",\"@id\":\"https:\\\/\\\/adegavidigueira.pt\\\/#\\\/schema\\\/person\\\/e4a5a3c76dfb98dce770b4174a70b1d8\"},\"headline\":\"Aument\u00e1mos a Nossa Capacidade Produtiva\",\"datePublished\":\"2021-08-03T14:17:01+00:00\",\"dateModified\":\"2021-08-03T14:17:03+00:00\",\"mainEntityOfPage\":{\"@id\":\"https:\\\/\\\/adegavidigueira.pt\\\/aumentamos-a-nossa-capacidade-produtiva\\\/\"},\"wordCount\":123,\"publisher\":{\"@id\":\"https:\\\/\\\/adegavidigueira.pt\\\/#organization\"},\"image\":{\"@id\":\"https:\\\/\\\/adegavidigueira.pt\\\/aumentamos-a-nossa-capacidade-produtiva\\\/#primaryimage\"},\"thumbnailUrl\":\"https:\\\/\\\/adegavidigueira.pt\\\/wp-content\\\/uploads\\\/2021\\\/07\\\/Nova_Linha_engarrafamento.jpeg\",\"keywords\":[\"nova linha\",\"Produ\u00e7\u00e3o\",\"garrafas\",\"Capacidade Produtiva\"],\"articleSection\":[\"news\"],\"inLanguage\":\"en-US\"},{\"@type\":\"WebPage\",\"@id\":\"https:\\\/\\\/adegavidigueira.pt\\\/aumentamos-a-nossa-capacidade-produtiva\\\/\",\"url\":\"https:\\\/\\\/adegavidigueira.pt\\\/aumentamos-a-nossa-capacidade-produtiva\\\/\",\"name\":\"Aument\u00e1mos a Nossa Capacidade Produtiva - Adega Vidigueira, Cuba e Alvito\",\"isPartOf\":{\"@id\":\"https:\\\/\\\/adegavidigueira.pt\\\/#website\"},\"primaryImageOfPage\":{\"@id\":\"https:\\\/\\\/adegavidigueira.pt\\\/aumentamos-a-nossa-capacidade-produtiva\\\/#primaryimage\"},\"image\":{\"@id\":\"https:\\\/\\\/adegavidigueira.pt\\\/aumentamos-a-nossa-capacidade-produtiva\\\/#primaryimage\"},\"thumbnailUrl\":\"https:\\\/\\\/adegavidigueira.pt\\\/wp-content\\\/uploads\\\/2021\\\/07\\\/Nova_Linha_engarrafamento.jpeg\",\"datePublished\":\"2021-08-03T14:17:01+00:00\",\"dateModified\":\"2021-08-03T14:17:03+00:00\",\"breadcrumb\":{\"@id\":\"https:\\\/\\\/adegavidigueira.pt\\\/aumentamos-a-nossa-capacidade-produtiva\\\/#breadcrumb\"},\"inLanguage\":\"en-US\",\"potentialAction\":[{\"@type\":\"ReadAction\",\"target\":[\"https:\\\/\\\/adegavidigueira.pt\\\/aumentamos-a-nossa-capacidade-produtiva\\\/\"]}]},{\"@type\":\"ImageObject\",\"inLanguage\":\"en-US\",\"@id\":\"https:\\\/\\\/adegavidigueira.pt\\\/aumentamos-a-nossa-capacidade-produtiva\\\/#primaryimage\",\"url\":\"https:\\\/\\\/adegavidigueira.pt\\\/wp-content\\\/uploads\\\/2021\\\/07\\\/Nova_Linha_engarrafamento.jpeg\",\"contentUrl\":\"https:\\\/\\\/adegavidigueira.pt\\\/wp-content\\\/uploads\\\/2021\\\/07\\\/Nova_Linha_engarrafamento.jpeg\",\"width\":786,\"height\":412},{\"@type\":\"BreadcrumbList\",\"@id\":\"https:\\\/\\\/adegavidigueira.pt\\\/aumentamos-a-nossa-capacidade-produtiva\\\/#breadcrumb\",\"itemListElement\":[{\"@type\":\"ListItem\",\"position\":1,\"name\":\"In\u00edcio\",\"item\":\"https:\\\/\\\/adegavidigueira.pt\\\/en\\\/adega-vidigueira-cuba-e-alvito\\\/\"},{\"@type\":\"ListItem\",\"position\":2,\"name\":\"Aument\u00e1mos a Nossa Capacidade Produtiva\"}]},{\"@type\":\"WebSite\",\"@id\":\"https:\\\/\\\/adegavidigueira.pt\\\/#website\",\"url\":\"https:\\\/\\\/adegavidigueira.pt\\\/\",\"name\":\"Adega Cooperativa Vidigueira, Cuba e Alvito\",\"description\":\"Quando o Vinho \u00e9 uma Viagem\",\"publisher\":{\"@id\":\"https:\\\/\\\/adegavidigueira.pt\\\/#organization\"},\"potentialAction\":[{\"@type\":\"SearchAction\",\"target\":{\"@type\":\"EntryPoint\",\"urlTemplate\":\"https:\\\/\\\/adegavidigueira.pt\\\/?s={search_term_string}\"},\"query-input\":{\"@type\":\"PropertyValueSpecification\",\"valueRequired\":true,\"valueName\":\"search_term_string\"}}],\"inLanguage\":\"en-US\"},{\"@type\":\"Organization\",\"@id\":\"https:\\\/\\\/adegavidigueira.pt\\\/#organization\",\"name\":\"Adega Cooperativa Vidigueira, Cuba e Alvito\",\"url\":\"https:\\\/\\\/adegavidigueira.pt\\\/\",\"logo\":{\"@type\":\"ImageObject\",\"inLanguage\":\"en-US\",\"@id\":\"https:\\\/\\\/adegavidigueira.pt\\\/#\\\/schema\\\/logo\\\/image\\\/\",\"url\":\"https:\\\/\\\/adegavidigueira.pt\\\/wp-content\\\/uploads\\\/2021\\\/06\\\/logotipo-acvca-horizontal-preto-200.png\",\"contentUrl\":\"https:\\\/\\\/adegavidigueira.pt\\\/wp-content\\\/uploads\\\/2021\\\/06\\\/logotipo-acvca-horizontal-preto-200.png\",\"width\":200,\"height\":50,\"caption\":\"Adega Cooperativa Vidigueira, Cuba e Alvito\"},\"image\":{\"@id\":\"https:\\\/\\\/adegavidigueira.pt\\\/#\\\/schema\\\/logo\\\/image\\\/\"},\"sameAs\":[\"https:\\\/\\\/www.facebook.com\\\/AdegaCooperativadeVidigueira\",\"https:\\\/\\\/www.instagram.com\\\/adegavidigueira\\\/\"]},{\"@type\":\"Person\",\"@id\":\"https:\\\/\\\/adegavidigueira.pt\\\/#\\\/schema\\\/person\\\/e4a5a3c76dfb98dce770b4174a70b1d8\",\"name\":\"ACVCA\",\"image\":{\"@type\":\"ImageObject\",\"inLanguage\":\"en-US\",\"@id\":\"https:\\\/\\\/adegavidigueira.pt\\\/wp-content\\\/litespeed\\\/avatar\\\/9f03e3530e5df95a839c12c9724b2de6.jpg?ver=1777495140\",\"url\":\"https:\\\/\\\/adegavidigueira.pt\\\/wp-content\\\/litespeed\\\/avatar\\\/9f03e3530e5df95a839c12c9724b2de6.jpg?ver=1777495140\",\"contentUrl\":\"https:\\\/\\\/adegavidigueira.pt\\\/wp-content\\\/litespeed\\\/avatar\\\/9f03e3530e5df95a839c12c9724b2de6.jpg?ver=1777495140\",\"caption\":\"ACVCA\"},\"url\":\"https:\\\/\\\/adegavidigueira.pt\\\/en\\\/author\\\/acvca\\\/\"}]}<\/script>\n<!-- \/ Yoast SEO plugin. -->","yoast_head_json":{"title":"Aument\u00e1mos a Nossa Capacidade Produtiva - Adega Vidigueira, Cuba e Alvito","robots":{"index":"index","follow":"follow","max-snippet":"max-snippet:-1","max-image-preview":"max-image-preview:large","max-video-preview":"max-video-preview:-1"},"canonical":"https:\/\/adegavidigueira.pt\/aumentamos-a-nossa-capacidade-produtiva\/","og_locale":"en_US","og_type":"article","og_title":"Aument\u00e1mos a Nossa Capacidade Produtiva - Adega Vidigueira, Cuba e Alvito","og_description":"Continuamos a inovar na nossa produ\u00e7\u00e3o, agora com uma linha de engarrafamento para garrafas de 375 ml, formatos especiais e pequenos lotes. Esta nova linha [&hellip;]","og_url":"https:\/\/adegavidigueira.pt\/aumentamos-a-nossa-capacidade-produtiva\/","og_site_name":"Adega Vidigueira, Cuba e Alvito","article_publisher":"https:\/\/www.facebook.com\/AdegaCooperativadeVidigueira","article_published_time":"2021-08-03T14:17:01+00:00","article_modified_time":"2021-08-03T14:17:03+00:00","og_image":[{"width":786,"height":412,"url":"https:\/\/adegavidigueira.pt\/wp-content\/uploads\/2021\/07\/Nova_Linha_engarrafamento.jpeg","type":"image\/jpeg"}],"author":"ACVCA","twitter_card":"summary_large_image","twitter_misc":{"Written by":"ACVCA","Est. reading time":"1 minute"},"schema":{"@context":"https:\/\/schema.org","@graph":[{"@type":"Article","@id":"https:\/\/adegavidigueira.pt\/aumentamos-a-nossa-capacidade-produtiva\/#article","isPartOf":{"@id":"https:\/\/adegavidigueira.pt\/aumentamos-a-nossa-capacidade-produtiva\/"},"author":{"name":"ACVCA","@id":"https:\/\/adegavidigueira.pt\/#\/schema\/person\/e4a5a3c76dfb98dce770b4174a70b1d8"},"headline":"Aument\u00e1mos a Nossa Capacidade Produtiva","datePublished":"2021-08-03T14:17:01+00:00","dateModified":"2021-08-03T14:17:03+00:00","mainEntityOfPage":{"@id":"https:\/\/adegavidigueira.pt\/aumentamos-a-nossa-capacidade-produtiva\/"},"wordCount":123,"publisher":{"@id":"https:\/\/adegavidigueira.pt\/#organization"},"image":{"@id":"https:\/\/adegavidigueira.pt\/aumentamos-a-nossa-capacidade-produtiva\/#primaryimage"},"thumbnailUrl":"https:\/\/adegavidigueira.pt\/wp-content\/uploads\/2021\/07\/Nova_Linha_engarrafamento.jpeg","keywords":["nova linha","Produ\u00e7\u00e3o","garrafas","Capacidade Produtiva"],"articleSection":["news"],"inLanguage":"en-US"},{"@type":"WebPage","@id":"https:\/\/adegavidigueira.pt\/aumentamos-a-nossa-capacidade-produtiva\/","url":"https:\/\/adegavidigueira.pt\/aumentamos-a-nossa-capacidade-produtiva\/","name":"Aument\u00e1mos a Nossa Capacidade Produtiva - Adega Vidigueira, Cuba e Alvito","isPartOf":{"@id":"https:\/\/adegavidigueira.pt\/#website"},"primaryImageOfPage":{"@id":"https:\/\/adegavidigueira.pt\/aumentamos-a-nossa-capacidade-produtiva\/#primaryimage"},"image":{"@id":"https:\/\/adegavidigueira.pt\/aumentamos-a-nossa-capacidade-produtiva\/#primaryimage"},"thumbnailUrl":"https:\/\/adegavidigueira.pt\/wp-content\/uploads\/2021\/07\/Nova_Linha_engarrafamento.jpeg","datePublished":"2021-08-03T14:17:01+00:00","dateModified":"2021-08-03T14:17:03+00:00","breadcrumb":{"@id":"https:\/\/adegavidigueira.pt\/aumentamos-a-nossa-capacidade-produtiva\/#breadcrumb"},"inLanguage":"en-US","potentialAction":[{"@type":"ReadAction","target":["https:\/\/adegavidigueira.pt\/aumentamos-a-nossa-capacidade-produtiva\/"]}]},{"@type":"ImageObject","inLanguage":"en-US","@id":"https:\/\/adegavidigueira.pt\/aumentamos-a-nossa-capacidade-produtiva\/#primaryimage","url":"https:\/\/adegavidigueira.pt\/wp-content\/uploads\/2021\/07\/Nova_Linha_engarrafamento.jpeg","contentUrl":"https:\/\/adegavidigueira.pt\/wp-content\/uploads\/2021\/07\/Nova_Linha_engarrafamento.jpeg","width":786,"height":412},{"@type":"BreadcrumbList","@id":"https:\/\/adegavidigueira.pt\/aumentamos-a-nossa-capacidade-produtiva\/#breadcrumb","itemListElement":[{"@type":"ListItem","position":1,"name":"In\u00edcio","item":"https:\/\/adegavidigueira.pt\/en\/adega-vidigueira-cuba-e-alvito\/"},{"@type":"ListItem","position":2,"name":"Aument\u00e1mos a Nossa Capacidade Produtiva"}]},{"@type":"WebSite","@id":"https:\/\/adegavidigueira.pt\/#website","url":"https:\/\/adegavidigueira.pt\/","name":"Adega Cooperativa Vidigueira, Cuba e Alvito","description":"Quando o Vinho \u00e9 uma Viagem","publisher":{"@id":"https:\/\/adegavidigueira.pt\/#organization"},"potentialAction":[{"@type":"SearchAction","target":{"@type":"EntryPoint","urlTemplate":"https:\/\/adegavidigueira.pt\/?s={search_term_string}"},"query-input":{"@type":"PropertyValueSpecification","valueRequired":true,"valueName":"search_term_string"}}],"inLanguage":"en-US"},{"@type":"Organization","@id":"https:\/\/adegavidigueira.pt\/#organization","name":"Adega Cooperativa Vidigueira, Cuba e Alvito","url":"https:\/\/adegavidigueira.pt\/","logo":{"@type":"ImageObject","inLanguage":"en-US","@id":"https:\/\/adegavidigueira.pt\/#\/schema\/logo\/image\/","url":"https:\/\/adegavidigueira.pt\/wp-content\/uploads\/2021\/06\/logotipo-acvca-horizontal-preto-200.png","contentUrl":"https:\/\/adegavidigueira.pt\/wp-content\/uploads\/2021\/06\/logotipo-acvca-horizontal-preto-200.png","width":200,"height":50,"caption":"Adega Cooperativa Vidigueira, Cuba e Alvito"},"image":{"@id":"https:\/\/adegavidigueira.pt\/#\/schema\/logo\/image\/"},"sameAs":["https:\/\/www.facebook.com\/AdegaCooperativadeVidigueira","https:\/\/www.instagram.com\/adegavidigueira\/"]},{"@type":"Person","@id":"https:\/\/adegavidigueira.pt\/#\/schema\/person\/e4a5a3c76dfb98dce770b4174a70b1d8","name":"ACVCA","image":{"@type":"ImageObject","inLanguage":"en-US","@id":"https:\/\/adegavidigueira.pt\/wp-content\/litespeed\/avatar\/9f03e3530e5df95a839c12c9724b2de6.jpg?ver=1777495140","url":"https:\/\/adegavidigueira.pt\/wp-content\/litespeed\/avatar\/9f03e3530e5df95a839c12c9724b2de6.jpg?ver=1777495140","contentUrl":"https:\/\/adegavidigueira.pt\/wp-content\/litespeed\/avatar\/9f03e3530e5df95a839c12c9724b2de6.jpg?ver=1777495140","caption":"ACVCA"},"url":"https:\/\/adegavidigueira.pt\/en\/author\/acvca\/"}]}},"_links":{"self":[{"href":"https:\/\/adegavidigueira.pt\/en\/wp-json\/wp\/v2\/posts\/12651","targetHints":{"allow":["GET"]}}],"collection":[{"href":"https:\/\/adegavidigueira.pt\/en\/wp-json\/wp\/v2\/posts"}],"about":[{"href":"https:\/\/adegavidigueira.pt\/en\/wp-json\/wp\/v2\/types\/post"}],"author":[{"embeddable":true,"href":"https:\/\/adegavidigueira.pt\/en\/wp-json\/wp\/v2\/users\/14"}],"replies":[{"embeddable":true,"href":"https:\/\/adegavidigueira.pt\/en\/wp-json\/wp\/v2\/comments?post=12651"}],"version-history":[{"count":0,"href":"https:\/\/adegavidigueira.pt\/en\/wp-json\/wp\/v2\/posts\/12651\/revisions"}],"wp:featuredmedia":[{"embeddable":true,"href":"https:\/\/adegavidigueira.pt\/en\/wp-json\/wp\/v2\/media\/12724"}],"wp:attachment":[{"href":"https:\/\/adegavidigueira.pt\/en\/wp-json\/wp\/v2\/media?parent=12651"}],"wp:term":[{"taxonomy":"category","embeddable":true,"href":"https:\/\/adegavidigueira.pt\/en\/wp-json\/wp\/v2\/categories?post=12651"},{"taxonomy":"post_tag","embeddable":true,"href":"https:\/\/adegavidigueira.pt\/en\/wp-json\/wp\/v2\/tags?post=12651"}],"curies":[{"name":"wp","href":"https:\/\/api.w.org\/{rel}","templated":true}]}}